{"id":91,"date":"2013-03-15T13:36:45","date_gmt":"2013-03-15T12:36:45","guid":{"rendered":"http:\/\/www.alessandroconti.ch\/wordpress\/?p=91"},"modified":"2014-11-04T15:42:52","modified_gmt":"2014-11-04T14:42:52","slug":"flora-helvetica-lapplication-pour-smartphone","status":"publish","type":"post","link":"https:\/\/www.alessandroconti.ch\/wordpress\/?p=91","title":{"rendered":"Flora Helvetica &#8211; l&rsquo;application pour smartphone"},"content":{"rendered":"<p style=\"margin-top: 0px; color: #000000; font-family: Verdana, Geneva, Sans, sans-serif; line-height: 18.200000762939453px;\">La r\u00e9f\u00e9rence en terme de d\u00e9termination de la flore Suisse &#8211; <a href=\"http:\/\/www.flora-helvetica.ch\/fr\/app.html\">Flora Helvetica <\/a><\/p>\n<p style=\"text-align: center;\"><a href=\"http:\/\/www.alessandroconti.ch\/wordpress\/\"><img decoding=\"async\" src=\"http:\/\/www.alessandroconti.ch\/wordpress\/wp-content\/uploads\/2014\/10\/iPhone-FloraApp_fr.png\" alt=\"Biotiques\" \/><\/a><\/p>\n<p style=\"margin-top: 0px; color: #000000; font-family: Verdana, Geneva, Sans, sans-serif; line-height: 18.200000762939453px;\">&#8211; est de retour sous une forme digitale. Le CD-Rom, vieux de plus de dix ans, obsol\u00e8te , est remplac\u00e9 \u00ab\u00a0avantageusement\u00a0\u00bb par une application mobile\u00a0<i>Flora Helvetica<\/i>\u00a0disponible sur les I-Phone et les smartphones sous Android (v. 2.2).<\/p>\n<p style=\"margin-top: 0px; color: #000000; font-family: Verdana, Geneva, Sans, sans-serif; line-height: 18.200000762939453px;\"><!--more--><\/p>\n<p style=\"margin-top: 0px; color: #000000; font-family: Verdana, Geneva, Sans, sans-serif; line-height: 18.200000762939453px;\">L\u2019application mobile Flora Helvetica propose dans ses versions payantes des photographies et des fiches descriptives de plus de 3000 esp\u00e8ces rencontr\u00e9es en Suisse et facilite leur identification \u00e0 l\u2019aide de\u00a0<strong>deux cl\u00e9s de d\u00e9termination diff\u00e9rentes<\/strong>.<\/p>\n<ul class=\"spip\" style=\"color: #000000; font-family: Verdana, Geneva, Sans, sans-serif; line-height: 18.200000762939453px;\">\n<li>la cl\u00e9 dichotomique classique,<\/li>\n<li>une nouvelle cl\u00e9 multi-crit\u00e8res qui rend la d\u00e9termination possible \u00e0 l\u2019aide d\u2019un choix libre de crit\u00e8res simples, particuli\u00e8rement adapt\u00e9 bien adapt\u00e9 aux d\u00e9butants. Paradoxalement, la cl\u00e9 simplifi\u00e9e n\u2019est accessible que dans la version \u00ab\u00a0PRO \u00a0\u00bb\u00a0!!! Cette cl\u00e9 simplifi\u00e9e ressemble \u00e0 celle que l\u2019on trouve dans l\u2019application\u00a0<i>Fleurs en poche<\/i>nettement moins co\u00fbteuse puisque pour le prix modique de 5 francs, vous acc\u00e9der \u00e0 un catalogue de plus de 1400 esp\u00e8ces sauvages d\u2019Europe de l\u2019Ouest.<\/li>\n<\/ul>\n<p style=\"margin-top: 0px; color: #000000; font-family: Verdana, Geneva, Sans, sans-serif; line-height: 18.200000762939453px;\">Avantageux en terme d\u2019ergonomie, mais pas en terme de co\u00fbt, puisque le prix de cette application s\u2019\u00e9chelonne de 80.- \u00e0 100.-. Il existe bien une version\u00a0<i>light<\/i>\u00a0gratuite, mais elle est fortement brid\u00e9e puisqu\u2019elle n\u2019embarque que 43 MB de donn\u00e9es contre 1300 MB pour les versions payantes\u00a0!<\/p>\n<p style=\"margin-top: 0px; color: #000000; font-family: Verdana, Geneva, Sans, sans-serif; line-height: 18.200000762939453px;\">Comme dans le CD-Rom, les<strong>\u00a0fiches descriptives des esp\u00e8ces<\/strong>\u00a0sont agr\u00e9ment\u00e9es de photographies, de cartes de r\u00e9partition g\u00e9ographique et de textes descriptifs.<\/p>\n<p style=\"margin-top: 0px; color: #000000; font-family: Verdana, Geneva, Sans, sans-serif; line-height: 18.200000762939453px;\">Dans le\u00a0<strong>carnet de terrain<\/strong>, il est possible d\u2019enregistrer ses propres observations floristiques avec une localisation g\u00e9ographique pr\u00e9cise et de les transmettre au centre de donn\u00e9es national Info Flora. Il permet en plus de g\u00e9rer une liste de favoris et d\u2019enrichir les observations par des photos et des notes personnelles.<\/p>\n<p style=\"margin-top: 0px; color: #000000; font-family: Verdana, Geneva, Sans, sans-serif; line-height: 18.200000762939453px;\">La r\u00e9alisation de l\u2019application a \u00e9t\u00e9 rendue possible gr\u00e2ce \u00e0 un important soutien de l\u2019Office F\u00e9d\u00e9ral de l\u2019Environnement OFEV&#8230;. mais apparemment, l\u2019\u00e9diteur Haupt ne fait pas de cadeau\u00a0!!!<\/p>\n","protected":false},"excerpt":{"rendered":"<p>La r\u00e9f\u00e9rence en terme de d\u00e9termination de la flore Suisse &#8211; Flora Helvetica &#8211; est de retour sous une forme digitale. Le CD-Rom, vieux de plus de dix ans, obsol\u00e8te , est remplac\u00e9 \u00ab\u00a0avantageusement\u00a0\u00bb par une application mobile\u00a0Flora Helvetica\u00a0disponible sur &hellip;<\/p>\n<p class=\"read-more\"> <a class=\"more-link\" href=\"https:\/\/www.alessandroconti.ch\/wordpress\/?p=91\"> <span class=\"screen-reader-text\">Flora Helvetica &#8211; l&rsquo;application pour smartphone<\/span> Read More &raquo;<\/a><\/p>\n","protected":false},"author":1,"featured_media":0,"comment_status":"open","ping_status":"open","sticky":false,"template":"","format":"standard","meta":{"ngg_post_thumbnail":0,"footnotes":""},"categories":[1,11],"tags":[],"class_list":["post-91","post","type-post","status-publish","format-standard","hentry","category-mitic","category-apps-pour-la-biologie"],"_links":{"self":[{"href":"https:\/\/www.alessandroconti.ch\/wordpress\/index.php?rest_route=\/wp\/v2\/posts\/91","targetHints":{"allow":["GET"]}}],"collection":[{"href":"https:\/\/www.alessandroconti.ch\/wordpress\/index.php?rest_route=\/wp\/v2\/posts"}],"about":[{"href":"https:\/\/www.alessandroconti.ch\/wordpress\/index.php?rest_route=\/wp\/v2\/types\/post"}],"author":[{"embeddable":true,"href":"https:\/\/www.alessandroconti.ch\/wordpress\/index.php?rest_route=\/wp\/v2\/users\/1"}],"replies":[{"embeddable":true,"href":"https:\/\/www.alessandroconti.ch\/wordpress\/index.php?rest_route=%2Fwp%2Fv2%2Fcomments&post=91"}],"version-history":[{"count":4,"href":"https:\/\/www.alessandroconti.ch\/wordpress\/index.php?rest_route=\/wp\/v2\/posts\/91\/revisions"}],"predecessor-version":[{"id":155,"href":"https:\/\/www.alessandroconti.ch\/wordpress\/index.php?rest_route=\/wp\/v2\/posts\/91\/revisions\/155"}],"wp:attachment":[{"href":"https:\/\/www.alessandroconti.ch\/wordpress\/index.php?rest_route=%2Fwp%2Fv2%2Fmedia&parent=91"}],"wp:term":[{"taxonomy":"category","embeddable":true,"href":"https:\/\/www.alessandroconti.ch\/wordpress\/index.php?rest_route=%2Fwp%2Fv2%2Fcategories&post=91"},{"taxonomy":"post_tag","embeddable":true,"href":"https:\/\/www.alessandroconti.ch\/wordpress\/index.php?rest_route=%2Fwp%2Fv2%2Ftags&post=91"}],"curies":[{"name":"wp","href":"https:\/\/api.w.org\/{rel}","templated":true}]}}