{"id":308,"date":"2014-12-22T15:46:47","date_gmt":"2014-12-22T14:46:47","guid":{"rendered":"http:\/\/www.alessandroconti.ch\/wordpress\/?p=308"},"modified":"2020-06-18T21:08:41","modified_gmt":"2020-06-18T20:08:41","slug":"revue-espaces-naturels","status":"publish","type":"post","link":"https:\/\/www.alessandroconti.ch\/wordpress\/?p=308","title":{"rendered":"Revue Espaces Naturels"},"content":{"rendered":"<p>Edit\u00e9 par L\u2019ATEN, le groupement d\u2019int\u00e9r\u00eat public \u00a0\u00bb Atelier technique des espaces naturels \u00a0\u00bb constitu\u00e9 le 9 f\u00e9vrier 1997, la revue <a title=\"site de la revue\" href=\"http:\/\/www.espaces-naturels.info\" target=\"_blank\" rel=\"noopener noreferrer\">Espaces naturels<\/a> contient une foule de renseignements sur le suivi de la faune et de la flore.<\/p>\n<p><!--more--><\/p>\n<p>L\u2019 Aten rassemble, structure et diffuse les connaissances et les m\u00e9thodes pour la gestion durable des espaces naturels, d\u00e9veloppe des outils de planification et d\u2019\u00e9valuation \u00e0 l\u2019usage de ses membres, contribue \u00e0 l\u2019\u00e9mergence et \u00e0 la reconnaissance d\u2019une fili\u00e8re professionnelle des espaces naturels et rassemble et diffuse les savoir-faire \u00e0 l\u2019\u00e9chelle internationale. Le groupement d\u2019int\u00e9r\u00eat public \u00a0\u00bb Atelier technique des espaces naturels \u00ab\u00a0&#8211; constitu\u00e9 le 9 f\u00e9vrier 1997, la revue Espaces naturels contient une foule de renseignements sur le suivi de la faune et de la flore.<\/p>\n<p>Deux exemples de dossiers puis\u00e9s dans&nbsp;<a href=\"http:\/\/www.espaces-naturels.info\/dossier\" target=\"_blank\" rel=\"noopener noreferrer\">leurs archives&nbsp;<\/a>t\u00e9l\u00e9chargeables&nbsp;:<\/p>\n<ul class=\"spip\">\n<li>Le&nbsp;<a class=\"spip_out\" title=\"dossier sur les corridors biologiques\" href=\"http:\/\/www.espaces-naturels.info\/sites\/default\/files\/dossier14.pdf\" target=\"_blank\" rel=\"external noopener noreferrer\">num\u00e9ro 14<\/a>&nbsp;consacr\u00e9 aux corridors biologiques.<\/li>\n<li>le <a href=\"http:\/\/www.espaces-naturels.info\/sites\/default\/files\/dossier33.pdf\" target=\"_blank\" rel=\"noopener noreferrer\">num\u00e9ro 33<\/a> consacr\u00e9 \u00e0 la biodiversit\u00e9<\/li>\n<li>Le&nbsp;<a title=\"dossier\" href=\"http:\/\/www.espaces-naturels.info\/articles_dossier\/dossier46\" target=\"_blank\" rel=\"noopener noreferrer\">num\u00e9ro 46<\/a>&nbsp; et &nbsp;le&nbsp;<a class=\"spip_out\" title=\"dossier\" href=\"http:\/\/www.espaces-naturels.info\/sites\/default\/files\/dossier15.pdf\" target=\"_blank\" rel=\"external noopener noreferrer\">num\u00e9ro 15<\/a>&nbsp;consacr\u00e9 aux effets des changements climatiques sur la biodiversit\u00e9. Ceux-ci sont pr\u00e9sent\u00e9s \u00e0 partir de recherche sur le terrain sur le retard ph\u00e9nologique de certains groupes d\u2019esp\u00e8ces ou le d\u00e9calage migratoire des hirondelles des fen\u00eatres. Les articles r\u00e9dig\u00e9s par des professionnels sont \u00e0 la fois courts, bien illustr\u00e9s et tout-\u00e0-fait exploitables avec nos \u00e9l\u00e8ves.<\/li>\n<\/ul>\n<p>Le temps manque pour tout explorer, mais il y a une source tr\u00e8s riche d\u2019articles.<\/p>\n","protected":false},"excerpt":{"rendered":"<p>Edit\u00e9 par L\u2019ATEN, le groupement d\u2019int\u00e9r\u00eat public \u00a0\u00bb Atelier technique des espaces naturels \u00a0\u00bb constitu\u00e9 le 9 f\u00e9vrier 1997, la revue Espaces naturels contient une foule de renseignements sur le suivi de la faune et de la flore.<\/p>\n","protected":false},"author":1,"featured_media":0,"comment_status":"closed","ping_status":"open","sticky":false,"template":"","format":"standard","meta":{"ngg_post_thumbnail":0,"footnotes":""},"categories":[7],"tags":[],"class_list":["post-308","post","type-post","status-publish","format-standard","hentry","category-revues-et-journaux-scientifiques"],"_links":{"self":[{"href":"https:\/\/www.alessandroconti.ch\/wordpress\/index.php?rest_route=\/wp\/v2\/posts\/308","targetHints":{"allow":["GET"]}}],"collection":[{"href":"https:\/\/www.alessandroconti.ch\/wordpress\/index.php?rest_route=\/wp\/v2\/posts"}],"about":[{"href":"https:\/\/www.alessandroconti.ch\/wordpress\/index.php?rest_route=\/wp\/v2\/types\/post"}],"author":[{"embeddable":true,"href":"https:\/\/www.alessandroconti.ch\/wordpress\/index.php?rest_route=\/wp\/v2\/users\/1"}],"replies":[{"embeddable":true,"href":"https:\/\/www.alessandroconti.ch\/wordpress\/index.php?rest_route=%2Fwp%2Fv2%2Fcomments&post=308"}],"version-history":[{"count":5,"href":"https:\/\/www.alessandroconti.ch\/wordpress\/index.php?rest_route=\/wp\/v2\/posts\/308\/revisions"}],"predecessor-version":[{"id":491,"href":"https:\/\/www.alessandroconti.ch\/wordpress\/index.php?rest_route=\/wp\/v2\/posts\/308\/revisions\/491"}],"wp:attachment":[{"href":"https:\/\/www.alessandroconti.ch\/wordpress\/index.php?rest_route=%2Fwp%2Fv2%2Fmedia&parent=308"}],"wp:term":[{"taxonomy":"category","embeddable":true,"href":"https:\/\/www.alessandroconti.ch\/wordpress\/index.php?rest_route=%2Fwp%2Fv2%2Fcategories&post=308"},{"taxonomy":"post_tag","embeddable":true,"href":"https:\/\/www.alessandroconti.ch\/wordpress\/index.php?rest_route=%2Fwp%2Fv2%2Ftags&post=308"}],"curies":[{"name":"wp","href":"https:\/\/api.w.org\/{rel}","templated":true}]}}